{"id":232,"date":"2016-10-31T18:11:46","date_gmt":"2016-10-31T17:11:46","guid":{"rendered":"http:\/\/andreaforneris.com\/web\/?p=232"},"modified":"2019-10-31T18:13:17","modified_gmt":"2019-10-31T17:13:17","slug":"porte-aperte-alla-rmnoooooooooooo","status":"publish","type":"post","link":"https:\/\/andreaforneris.com\/web\/porte-aperte-alla-rmnoooooooooooo\/","title":{"rendered":"Porte aperte alla RMnoooooooooooo"},"content":{"rendered":"\n<p>E&#8217; da un po di tempo che mi ero ripromesso di scrivere questa parte \nrelativa alla porta RM, poi mi sembrava un po troppo critica nei \nconfronti dei colleghi e ho sempre rimandato, ma stasera mi sono deciso \nperch\u00e8 penso possa essere d&#8217;aiuto a tutti, tecnici compresi.<\/p>\n\n\n\n<p>La questione \u00e8 relativa al fatto che, spesso, il personale dei \nreparti di Risonanza Magnetica lascia la porta della sala magnete aperta\n tra un paziente e l&#8217;altro. Aperta non intendo socchiusa, intendo \nproprio spalancata. Questa  \u00e8 sicuramente una condizione molto \nsottovalutata da molti, perch\u00e8 espone tutti ad un grandissimo rischio: \nquello di eventuali incidenti. Ovviamente la maggiorparte di noi \nnegheranno l&#8217;evidenza, ma la verit\u00e0 \u00e8 quella: le porte RM spesso \nrimangono aperte.<\/p>\n\n\n\n<p><strong>E non va bene.<\/strong><\/p>\n\n\n\n<p>Non va bene perch\u00e8? Perch\u00e8 da un punto di vista logico \u00e8 <strong>sbagliato<\/strong> in partenza e su tutti i fronti.<\/p>\n\n\n\n<p>1- la porta \u00e8 comunque una barriera fisica che impedisce a persone o cose di entrare accidentalmente in quel locale<\/p>\n\n\n\n<p>2- sulla porta della RM esiste tutta una <strong>ben precisa segnaletica<\/strong> che indica il DIVIETO ASSOLUTO di accesso a meteriali o cose <strong>NON<\/strong> RM compatibili, e quindi SE LASCIATA APERTA <strong>non<\/strong>\n sarebbero leggibili da un qualsiasi persona\/paziente\/nonoperatore che \ncasualmente sta passando in quella zona del reparto (infermieri, medici,\n pazienti, accompagnatori, bambini).<\/p>\n\n\n\n<p>E&#8217; inutile dire &#8220;<em>non doveva entrare<\/em>&#8221; , quando il danno \u00e8 fatto \u00e8 troppo tardi.<\/p>\n\n\n\n<p>Quindi un consiglio , prendetevi il vizio, uscendo dalla sala RM &#8230;&#8230;.. <strong>CHIUDETE SEMPRE LA PORTA!!!!<\/strong><\/p>\n","protected":false},"excerpt":{"rendered":"<p>E&#8217; da un po di tempo che mi ero ripromesso di scrivere questa parte relativa alla porta RM, poi mi sembrava un po troppo critica nei confronti dei colleghi e ho sempre rimandato, ma stasera mi sono deciso perch\u00e8 penso possa essere d&#8217;aiuto a tutti, tecnici compresi. La questione \u00e8 relativa al fatto che, spesso,&hellip;<\/p>\n","protected":false},"author":1,"featured_media":233,"comment_status":"open","ping_status":"open","sticky":false,"template":"","format":"standard","meta":[],"categories":[64],"tags":[],"_links":{"self":[{"href":"https:\/\/andreaforneris.com\/web\/wp-json\/wp\/v2\/posts\/232"}],"collection":[{"href":"https:\/\/andreaforneris.com\/web\/wp-json\/wp\/v2\/posts"}],"about":[{"href":"https:\/\/andreaforneris.com\/web\/wp-json\/wp\/v2\/types\/post"}],"author":[{"embeddable":true,"href":"https:\/\/andreaforneris.com\/web\/wp-json\/wp\/v2\/users\/1"}],"replies":[{"embeddable":true,"href":"https:\/\/andreaforneris.com\/web\/wp-json\/wp\/v2\/comments?post=232"}],"version-history":[{"count":1,"href":"https:\/\/andreaforneris.com\/web\/wp-json\/wp\/v2\/posts\/232\/revisions"}],"predecessor-version":[{"id":234,"href":"https:\/\/andreaforneris.com\/web\/wp-json\/wp\/v2\/posts\/232\/revisions\/234"}],"wp:featuredmedia":[{"embeddable":true,"href":"https:\/\/andreaforneris.com\/web\/wp-json\/wp\/v2\/media\/233"}],"wp:attachment":[{"href":"https:\/\/andreaforneris.com\/web\/wp-json\/wp\/v2\/media?parent=232"}],"wp:term":[{"taxonomy":"category","embeddable":true,"href":"https:\/\/andreaforneris.com\/web\/wp-json\/wp\/v2\/categories?post=232"},{"taxonomy":"post_tag","embeddable":true,"href":"https:\/\/andreaforneris.com\/web\/wp-json\/wp\/v2\/tags?post=232"}],"curies":[{"name":"wp","href":"https:\/\/api.w.org\/{rel}","templated":true}]}}